{"id":1701,"date":"2016-08-02T11:22:03","date_gmt":"2016-08-02T09:22:03","guid":{"rendered":"http:\/\/fuencactiva.org\/?p=1004"},"modified":"2018-08-05T18:21:57","modified_gmt":"2018-08-05T16:21:57","slug":"abierto-el-periodo-de-alegaciones-al-reglamento-organico-de-funcionamiento-de-los-foros-locales-de-los-distritos-de-madrid","status":"publish","type":"post","link":"https:\/\/www.avlaflor.org\/?p=1701","title":{"rendered":"Abierto el periodo de alegaciones al Reglamento Org\u00e1nico de Funcionamiento de los Foros Locales de los Distritos de Madrid"},"content":{"rendered":"<p>Desde esta fecha y hasta el 9 de septiembre incluido, se podr\u00e1n hacer alegaciones al texto del <span style=\"color: #ff0000;\"><strong><a style=\"color: #ff0000;\" href=\"https:\/\/fuencactiva.files.wordpress.com\/2016\/08\/reclamento-foros-locales-_pc3a1gina_01.jpg\" target=\"_blank\">Reglamento Org\u00e1nico de Funcionamiento de los Foros Locales de los Distritos de Madrid<\/a><\/strong><\/span>, que acaba de ser publicado en el BOAM y el BOCAM.<\/p>\n<p>Aunque muchas entidades ciudadanas ya tuvimos ocasi\u00f3n de conocer el borrador anterior, y de manifestar nuestras opiniones, este texto final introduce algunas novedades que lo mejoran, pero mantiene alg\u00fan elemento que conviene reflexionar en com\u00fan. Nos referimos al hecho de que haya un <strong><span style=\"color: #ff0000;\">baremo diferenciador relativo al voto de las entidades ciudadanas<\/span><\/strong>.<\/p>\n<p>En primer lugar, el propio hecho de que las entidades ciudadanas dispongan de un mayor n\u00famero de votos que el resto de las personas participantes, nos parece\u00a0una forma de visibilizaras bastante negativa. Ya tuvimos ocasi\u00f3n de manifestarlo as\u00ed en la sesi\u00f3n de informaci\u00f3n celebrada en el distrito en el mes de junio pasado.<\/p>\n<p>En el texto actual no solo se mantiene, sino que se establece un baremo diferenciador entre las propias entidades ciudadanas en funci\u00f3n del n\u00ba de socixs. Es decir, <span style=\"color: #ff0000;\"><strong>se profundiza en el\u00a0criterio de representaci\u00f3n para la participaci\u00f3n en un espacio que tendr\u00eda que ser de democracia directa.<\/strong><\/span> Criterio, por otra parte, bastante\u00a0subjetivo* y con escasa incidencia en el posible papel transformador de las entidades.<\/p>\n<p>Para hablar del nuevo documento y sacar nuestras conclusiones (alegaciones si las hubiese), la Plataforma de Colectivos Vecinales nos reuniremos el pr\u00f3ximo mi\u00e9rcoles 7 de septiembre.<\/p>\n","protected":false},"excerpt":{"rendered":"<p>Desde esta fecha y hasta el 9 de septiembre incluido, se podr\u00e1n hacer alegaciones al texto del Reglamento Org\u00e1nico de &hellip; <a href=\"https:\/\/www.avlaflor.org\/?p=1701\" class=\"more-link\">M\u00e1s <span class=\"screen-reader-text\">Abierto el periodo de alegaciones al Reglamento Org\u00e1nico de Funcionamiento de los Foros Locales de los Distritos de Madrid<\/span> <span class=\"meta-nav\">&rarr;<\/span><\/a><\/p>\n","protected":false},"author":6,"featured_media":1718,"comment_status":"open","ping_status":"open","sticky":false,"template":"","format":"standard","meta":{"jetpack_post_was_ever_published":false,"_jetpack_newsletter_access":"","_jetpack_dont_email_post_to_subs":false,"_jetpack_newsletter_tier_id":0,"_jetpack_memberships_contains_paywalled_content":false,"_jetpack_memberships_contains_paid_content":false,"footnotes":"","jetpack_publicize_message":"","jetpack_publicize_feature_enabled":true,"jetpack_social_post_already_shared":true,"jetpack_social_options":{"image_generator_settings":{"template":"highway","default_image_id":0,"font":"","enabled":false},"version":2}},"categories":[1],"tags":[],"class_list":["post-1701","post","type-post","status-publish","format-standard","has-post-thumbnail","hentry","category-noticias"],"jetpack_publicize_connections":[],"jetpack_featured_media_url":"https:\/\/www.avlaflor.org\/wp-content\/uploads\/2016\/08\/esquemaForosLocales.jpg","jetpack_sharing_enabled":true,"_links":{"self":[{"href":"https:\/\/www.avlaflor.org\/index.php?rest_route=\/wp\/v2\/posts\/1701","targetHints":{"allow":["GET"]}}],"collection":[{"href":"https:\/\/www.avlaflor.org\/index.php?rest_route=\/wp\/v2\/posts"}],"about":[{"href":"https:\/\/www.avlaflor.org\/index.php?rest_route=\/wp\/v2\/types\/post"}],"author":[{"embeddable":true,"href":"https:\/\/www.avlaflor.org\/index.php?rest_route=\/wp\/v2\/users\/6"}],"replies":[{"embeddable":true,"href":"https:\/\/www.avlaflor.org\/index.php?rest_route=%2Fwp%2Fv2%2Fcomments&post=1701"}],"version-history":[{"count":1,"href":"https:\/\/www.avlaflor.org\/index.php?rest_route=\/wp\/v2\/posts\/1701\/revisions"}],"predecessor-version":[{"id":1708,"href":"https:\/\/www.avlaflor.org\/index.php?rest_route=\/wp\/v2\/posts\/1701\/revisions\/1708"}],"wp:featuredmedia":[{"embeddable":true,"href":"https:\/\/www.avlaflor.org\/index.php?rest_route=\/wp\/v2\/media\/1718"}],"wp:attachment":[{"href":"https:\/\/www.avlaflor.org\/index.php?rest_route=%2Fwp%2Fv2%2Fmedia&parent=1701"}],"wp:term":[{"taxonomy":"category","embeddable":true,"href":"https:\/\/www.avlaflor.org\/index.php?rest_route=%2Fwp%2Fv2%2Fcategories&post=1701"},{"taxonomy":"post_tag","embeddable":true,"href":"https:\/\/www.avlaflor.org\/index.php?rest_route=%2Fwp%2Fv2%2Ftags&post=1701"}],"curies":[{"name":"wp","href":"https:\/\/api.w.org\/{rel}","templated":true}]}}