{"id":2276,"date":"2018-08-06T22:05:25","date_gmt":"2018-08-06T20:05:25","guid":{"rendered":"http:\/\/www.avlaflor.org\/?p=2276"},"modified":"2019-12-28T18:22:55","modified_gmt":"2019-12-28T17:22:55","slug":"plaza-vaguada-2","status":"publish","type":"post","link":"https:\/\/www.avlaflor.org\/?p=2276","title":{"rendered":"Plaza Vaguada"},"content":{"rendered":"\n<p class=\"has-medium-font-size\">Lo que conocemos como Plaza Vaguada es un conglomerado de espacios p\u00fablicos en el que en la anterior legislatura se iniciaron algunos proyectos de transformaci\u00f3n y mejoras que a su finalizaci\u00f3n no hab\u00edan conseguido concretarse. <\/p>\n\n\n\n<p class=\"has-medium-font-size\">Proyectos como  Plaz-er (Madrid Regenera), Imagina Vaguada (Intermediae), la rehabilitaci\u00f3n y puesta en marcha del Teatro Madrid, la mejora y ampliaci\u00f3n de la Biblioteca Jos\u00e9 Saramago, adem\u00e1s de El Enredadero (j\u00f3venes), y otros espacios utilizados\u00a0para el deporte, por personas mayores, con diversidad funcional, as\u00ed como la habilitaci\u00f3n de un espacio de parque inclusivo en la zona verde de la vaguada, contin\u00faan a la espera de unas actuaciones que  quedaron en el olvido.  <\/p>\n\n\n\n<p class=\"has-medium-font-size\">De todos ellos, los \u00fanicos que se iniciaron fueron el Enredadero, y las reformas de la biblioteca Jos\u00e9 Saramago. Del proyecto arquitect\u00f3nico de reforma integral del espacio que gan\u00f3 el concurso realizado no sabemos nada.<\/p>\n\n\n\n<p class=\"has-medium-font-size\">Siendo como es un espacio de la centralidad del distrito, creemos que las vecinas y vecinos deber\u00edamos impulsar las mejoras previstas, por lo que en los pr\u00f3ximos meses este ser\u00e1 uno de nuestros ejes de trabajo, dentro de lo que conocemos como ciudad inclusiva.<\/p>\n","protected":false},"excerpt":{"rendered":"<p>Lo que conocemos como Plaza Vaguada es un conglomerado de espacios p\u00fablicos en el que en la anterior legislatura se &hellip; <a href=\"https:\/\/www.avlaflor.org\/?p=2276\" class=\"more-link\">M\u00e1s <span class=\"screen-reader-text\">Plaza Vaguada<\/span> <span class=\"meta-nav\">&rarr;<\/span><\/a><\/p>\n","protected":false},"author":6,"featured_media":2371,"comment_status":"closed","ping_status":"closed","sticky":false,"template":"","format":"standard","meta":{"jetpack_post_was_ever_published":false,"_jetpack_newsletter_access":"","_jetpack_dont_email_post_to_subs":false,"_jetpack_newsletter_tier_id":0,"_jetpack_memberships_contains_paywalled_content":false,"_jetpack_memberships_contains_paid_content":false,"footnotes":"","jetpack_publicize_message":"","jetpack_publicize_feature_enabled":true,"jetpack_social_post_already_shared":true,"jetpack_social_options":{"image_generator_settings":{"template":"highway","default_image_id":0,"font":"","enabled":false},"version":2}},"categories":[1],"tags":[],"class_list":["post-2276","post","type-post","status-publish","format-standard","has-post-thumbnail","hentry","category-noticias"],"jetpack_publicize_connections":[],"jetpack_featured_media_url":"https:\/\/www.avlaflor.org\/wp-content\/uploads\/2018\/08\/plaza-de-la-vaguada-3.jpg","jetpack_sharing_enabled":true,"_links":{"self":[{"href":"https:\/\/www.avlaflor.org\/index.php?rest_route=\/wp\/v2\/posts\/2276","targetHints":{"allow":["GET"]}}],"collection":[{"href":"https:\/\/www.avlaflor.org\/index.php?rest_route=\/wp\/v2\/posts"}],"about":[{"href":"https:\/\/www.avlaflor.org\/index.php?rest_route=\/wp\/v2\/types\/post"}],"author":[{"embeddable":true,"href":"https:\/\/www.avlaflor.org\/index.php?rest_route=\/wp\/v2\/users\/6"}],"replies":[{"embeddable":true,"href":"https:\/\/www.avlaflor.org\/index.php?rest_route=%2Fwp%2Fv2%2Fcomments&post=2276"}],"version-history":[{"count":3,"href":"https:\/\/www.avlaflor.org\/index.php?rest_route=\/wp\/v2\/posts\/2276\/revisions"}],"predecessor-version":[{"id":2644,"href":"https:\/\/www.avlaflor.org\/index.php?rest_route=\/wp\/v2\/posts\/2276\/revisions\/2644"}],"wp:featuredmedia":[{"embeddable":true,"href":"https:\/\/www.avlaflor.org\/index.php?rest_route=\/wp\/v2\/media\/2371"}],"wp:attachment":[{"href":"https:\/\/www.avlaflor.org\/index.php?rest_route=%2Fwp%2Fv2%2Fmedia&parent=2276"}],"wp:term":[{"taxonomy":"category","embeddable":true,"href":"https:\/\/www.avlaflor.org\/index.php?rest_route=%2Fwp%2Fv2%2Fcategories&post=2276"},{"taxonomy":"post_tag","embeddable":true,"href":"https:\/\/www.avlaflor.org\/index.php?rest_route=%2Fwp%2Fv2%2Ftags&post=2276"}],"curies":[{"name":"wp","href":"https:\/\/api.w.org\/{rel}","templated":true}]}}