{"id":2778,"date":"2020-01-02T20:34:21","date_gmt":"2020-01-02T19:34:21","guid":{"rendered":"http:\/\/www.avlaflor.org\/?p=2778"},"modified":"2020-01-02T20:36:39","modified_gmt":"2020-01-02T19:36:39","slug":"libros-a-la-calle","status":"publish","type":"post","link":"https:\/\/www.avlaflor.org\/?p=2778","title":{"rendered":"Libros a la calle"},"content":{"rendered":"\n<p class=\"has-medium-font-size\">Este s\u00e1bado 4 de enero estaremos en Monforte de Lemos, delante del centro cultural de la vaguada, con libros de la biblioteca del Centro Comunitario Guatemala. Son libros que regalamos y que puedes llevarte si pasas por la zona entre las 11 y las 14 horas.<\/p>\n\n\n\n<p class=\"has-medium-font-size\">Como en todas nuestras mesas, podr\u00e1s obtener tambi\u00e9n informaci\u00f3n de lo que hacemos, de talleres, cineforum, presentaciones de libros, etc&#8230; <\/p>\n","protected":false},"excerpt":{"rendered":"<p>Este s\u00e1bado 4 de enero estaremos en Monforte de Lemos, delante del centro cultural de la vaguada, con libros de &hellip; <a href=\"https:\/\/www.avlaflor.org\/?p=2778\" class=\"more-link\">M\u00e1s <span class=\"screen-reader-text\">Libros a la calle<\/span> <span class=\"meta-nav\">&rarr;<\/span><\/a><\/p>\n","protected":false},"author":6,"featured_media":2739,"comment_status":"closed","ping_status":"open","sticky":false,"template":"","format":"standard","meta":{"jetpack_post_was_ever_published":false,"_jetpack_newsletter_access":"","_jetpack_dont_email_post_to_subs":false,"_jetpack_newsletter_tier_id":0,"_jetpack_memberships_contains_paywalled_content":false,"_jetpack_memberships_contains_paid_content":false,"footnotes":"","jetpack_publicize_message":"","jetpack_publicize_feature_enabled":true,"jetpack_social_post_already_shared":true,"jetpack_social_options":{"image_generator_settings":{"template":"highway","default_image_id":0,"font":"","enabled":false},"version":2}},"categories":[1],"tags":[],"class_list":["post-2778","post","type-post","status-publish","format-standard","has-post-thumbnail","hentry","category-noticias"],"jetpack_publicize_connections":[],"jetpack_featured_media_url":"https:\/\/www.avlaflor.org\/wp-content\/uploads\/2020\/01\/bibliofemPu\u00f1o.jpg","jetpack_sharing_enabled":true,"_links":{"self":[{"href":"https:\/\/www.avlaflor.org\/index.php?rest_route=\/wp\/v2\/posts\/2778","targetHints":{"allow":["GET"]}}],"collection":[{"href":"https:\/\/www.avlaflor.org\/index.php?rest_route=\/wp\/v2\/posts"}],"about":[{"href":"https:\/\/www.avlaflor.org\/index.php?rest_route=\/wp\/v2\/types\/post"}],"author":[{"embeddable":true,"href":"https:\/\/www.avlaflor.org\/index.php?rest_route=\/wp\/v2\/users\/6"}],"replies":[{"embeddable":true,"href":"https:\/\/www.avlaflor.org\/index.php?rest_route=%2Fwp%2Fv2%2Fcomments&post=2778"}],"version-history":[{"count":1,"href":"https:\/\/www.avlaflor.org\/index.php?rest_route=\/wp\/v2\/posts\/2778\/revisions"}],"predecessor-version":[{"id":2779,"href":"https:\/\/www.avlaflor.org\/index.php?rest_route=\/wp\/v2\/posts\/2778\/revisions\/2779"}],"wp:featuredmedia":[{"embeddable":true,"href":"https:\/\/www.avlaflor.org\/index.php?rest_route=\/wp\/v2\/media\/2739"}],"wp:attachment":[{"href":"https:\/\/www.avlaflor.org\/index.php?rest_route=%2Fwp%2Fv2%2Fmedia&parent=2778"}],"wp:term":[{"taxonomy":"category","embeddable":true,"href":"https:\/\/www.avlaflor.org\/index.php?rest_route=%2Fwp%2Fv2%2Fcategories&post=2778"},{"taxonomy":"post_tag","embeddable":true,"href":"https:\/\/www.avlaflor.org\/index.php?rest_route=%2Fwp%2Fv2%2Ftags&post=2778"}],"curies":[{"name":"wp","href":"https:\/\/api.w.org\/{rel}","templated":true}]}}