{"id":3441,"date":"2020-08-02T13:30:42","date_gmt":"2020-08-02T11:30:42","guid":{"rendered":"http:\/\/www.avlaflor.org\/?p=3441"},"modified":"2020-08-02T13:31:40","modified_gmt":"2020-08-02T11:31:40","slug":"ingreso-minimo-vital-y-renta-minima-de-insercion","status":"publish","type":"post","link":"https:\/\/www.avlaflor.org\/?p=3441","title":{"rendered":"Ingreso m\u00ednimo vital y Renta m\u00ednima de inserci\u00f3n"},"content":{"rendered":"\n<p class=\"has-medium-font-size\">El 1 de junio, el BOE publicaba el <strong><a href=\"http:\/\/www.avlaflor.org\/wp-content\/uploads\/2020\/08\/BOE-IMV-2020.pdf\" target=\"_blank\" rel=\"noreferrer noopener\">Real Decreto<\/a><\/strong> que, finalmente, daba paso al Ingreso M\u00ednimo Vital.<\/p>\n\n\n\n<p class=\"has-medium-font-size\">El IMV queda lejos de la Renta b\u00e1sica que reclaman muchos colectivos, acorde con la <strong>Carta Social Europea<\/strong>, pero a\u00fan as\u00ed, ha sido recibido positivamente, si bien, dentro del marco en el que se ha establecido, cabr\u00edan a\u00fan algunas mejoras, como nos recuerda la plataforma <strong><a href=\"http:\/\/www.avlaflor.org\/wp-content\/uploads\/2020\/08\/propuestasmodificacionimv.pdf\" target=\"_blank\" rel=\"noreferrer noopener\">RMI Tu Derecho<\/a><\/strong>.<\/p>\n\n\n\n<p class=\"has-medium-font-size\">Ya en junio, desde esta plataforma, se le hizo llegar a la Comunidad de Madrid, algunas <strong><a rel=\"noreferrer noopener\" href=\"https:\/\/rmituderecho.org\/renta-minima-de-insercion-rmi-e-ingreso-minimo-vital-imv-sumar-o-restar-derechos\/\" target=\"_blank\">propuestas para que el ingreso m\u00ednimo vital y la renta m\u00ednima de inserci\u00f3n fueran compatibles<\/a><\/strong>, en un intento de sumar derechos.<\/p>\n\n\n\n<p class=\"has-medium-font-size\">\u00abEl IMV es una prestaci\u00f3n insuficiente y hace exclusiones similares a las que venimos se\u00f1alando en la RMI, pero al ser compatible \u00edntegramente con la RMI da una extraordinaria oportunidad para que las familias empobrecidas madrile\u00f1as tengan unos ingresos dignos cercanos al umbral de la pobreza, haciendo de Madrid una regi\u00f3n social europea que lo demuestra con hechos.\u00bb<\/p>\n\n\n\n<p class=\"has-medium-font-size\">Sin embargo, desde hace unos d\u00edas, las personas perceptoras de RMI han comenzado a recibir cartas de la Comunidad de Madrid, dando plazo de 10 d\u00edas para la presentaci\u00f3n de la solicitud de IMV, con el objetivo de restar o anular la RMI que estuviesen recibiendo hasta el momento.<\/p>\n\n\n\n<p class=\"has-medium-font-size\">As\u00ed, en el d\u00eda de ayer, esta plataforma, junto a otros colectivos, como la FRAVM, hicieron p\u00fablico un comunicado en el que denuncian que el <strong>\u00bb maltrato administrativo a las familias empobrecidas es una bajeza \u00e9tica, pol\u00edtica y social<\/strong>. <\/p>\n\n\n\n<p class=\"has-medium-font-size\"><strong><a href=\"https:\/\/aavvmadrid.org\/economia-empleo-y-consumo\/benestar-social\/yo-antonia-garcia-acuso-a-los-gobiernos-central-y-de-madrid-de-violencia-administrativa-contra-las-perceptoras-de-rmi\/\" target=\"_blank\" rel=\"noreferrer noopener\">YO, ANTONIA GARCIA.<\/a><\/strong><\/p>\n","protected":false},"excerpt":{"rendered":"<p>El 1 de junio, el BOE publicaba el Real Decreto que, finalmente, daba paso al Ingreso M\u00ednimo Vital. El IMV &hellip; <a href=\"https:\/\/www.avlaflor.org\/?p=3441\" class=\"more-link\">M\u00e1s <span class=\"screen-reader-text\">Ingreso m\u00ednimo vital y Renta m\u00ednima de inserci\u00f3n<\/span> <span class=\"meta-nav\">&rarr;<\/span><\/a><\/p>\n","protected":false},"author":6,"featured_media":3444,"comment_status":"closed","ping_status":"open","sticky":false,"template":"","format":"standard","meta":{"jetpack_post_was_ever_published":false,"_jetpack_newsletter_access":"","_jetpack_dont_email_post_to_subs":false,"_jetpack_newsletter_tier_id":0,"_jetpack_memberships_contains_paywalled_content":false,"_jetpack_memberships_contains_paid_content":false,"footnotes":"","jetpack_publicize_message":"","jetpack_publicize_feature_enabled":true,"jetpack_social_post_already_shared":true,"jetpack_social_options":{"image_generator_settings":{"template":"highway","default_image_id":0,"font":"","enabled":false},"version":2}},"categories":[1],"tags":[],"class_list":["post-3441","post","type-post","status-publish","format-standard","has-post-thumbnail","hentry","category-noticias"],"jetpack_publicize_connections":[],"jetpack_featured_media_url":"https:\/\/www.avlaflor.org\/wp-content\/uploads\/2020\/08\/ruedaprensaRMI-IMV-1-1280x640-1.jpeg","jetpack_sharing_enabled":true,"_links":{"self":[{"href":"https:\/\/www.avlaflor.org\/index.php?rest_route=\/wp\/v2\/posts\/3441","targetHints":{"allow":["GET"]}}],"collection":[{"href":"https:\/\/www.avlaflor.org\/index.php?rest_route=\/wp\/v2\/posts"}],"about":[{"href":"https:\/\/www.avlaflor.org\/index.php?rest_route=\/wp\/v2\/types\/post"}],"author":[{"embeddable":true,"href":"https:\/\/www.avlaflor.org\/index.php?rest_route=\/wp\/v2\/users\/6"}],"replies":[{"embeddable":true,"href":"https:\/\/www.avlaflor.org\/index.php?rest_route=%2Fwp%2Fv2%2Fcomments&post=3441"}],"version-history":[{"count":1,"href":"https:\/\/www.avlaflor.org\/index.php?rest_route=\/wp\/v2\/posts\/3441\/revisions"}],"predecessor-version":[{"id":3445,"href":"https:\/\/www.avlaflor.org\/index.php?rest_route=\/wp\/v2\/posts\/3441\/revisions\/3445"}],"wp:featuredmedia":[{"embeddable":true,"href":"https:\/\/www.avlaflor.org\/index.php?rest_route=\/wp\/v2\/media\/3444"}],"wp:attachment":[{"href":"https:\/\/www.avlaflor.org\/index.php?rest_route=%2Fwp%2Fv2%2Fmedia&parent=3441"}],"wp:term":[{"taxonomy":"category","embeddable":true,"href":"https:\/\/www.avlaflor.org\/index.php?rest_route=%2Fwp%2Fv2%2Fcategories&post=3441"},{"taxonomy":"post_tag","embeddable":true,"href":"https:\/\/www.avlaflor.org\/index.php?rest_route=%2Fwp%2Fv2%2Ftags&post=3441"}],"curies":[{"name":"wp","href":"https:\/\/api.w.org\/{rel}","templated":true}]}}