{"id":3501,"date":"2020-09-22T18:46:41","date_gmt":"2020-09-22T16:46:41","guid":{"rendered":"http:\/\/www.avlaflor.org\/?p=3501"},"modified":"2021-01-08T17:26:39","modified_gmt":"2021-01-08T16:26:39","slug":"la-retienda-que-es-la-retienda","status":"publish","type":"post","link":"https:\/\/www.avlaflor.org\/?p=3501","title":{"rendered":"LA RETIENDA (\u00bfqu\u00e9 es la re-tienda?)"},"content":{"rendered":"\n<p class=\"has-medium-font-size\">&#x1f33b;Ya hemos abierto <strong>LA RETIENDA<\/strong> \u00ae&#xfe0f; tienda gratis, en el Centro Comunitario Guatemala. Es un espacio dedicado al reciclaje &#x267b;&#xfe0f; y a la reutilizaci\u00f3n &#x1f504; para reducir &#x2b07;&#xfe0f; el consumo principalmente de ropa &#x1f45a; aunque tambi\u00e9n podr\u00e1s encontrar complementos &#x1f45f; (bolsos, bufandas, calzados, etc.).<br>&#x1f463;Te invitamos a que lo conozcas, los martes y jueves de 17 a 20 h.<br><strong>&#x203c;&#xfe0f;IMPORTANTE&#x203c;&#xfe0f;<\/strong><br>Por razones de higiene la recogida de ropa no es abierta, es decir se tendr\u00e1 que consultar a las personas de La Retienda. Gracias!<\/p>\n","protected":false},"excerpt":{"rendered":"<p>&#x1f33b;Ya hemos abierto LA RETIENDA \u00ae&#xfe0f; tienda gratis, en el Centro Comunitario Guatemala. Es un espacio dedicado al reciclaje &#x267b;&#xfe0f; &hellip; <a href=\"https:\/\/www.avlaflor.org\/?p=3501\" class=\"more-link\">M\u00e1s <span class=\"screen-reader-text\">LA RETIENDA (\u00bfqu\u00e9 es la re-tienda?)<\/span> <span class=\"meta-nav\">&rarr;<\/span><\/a><\/p>\n","protected":false},"author":6,"featured_media":3500,"comment_status":"closed","ping_status":"open","sticky":false,"template":"","format":"standard","meta":{"jetpack_post_was_ever_published":false,"_jetpack_newsletter_access":"","_jetpack_dont_email_post_to_subs":false,"_jetpack_newsletter_tier_id":0,"_jetpack_memberships_contains_paywalled_content":false,"_jetpack_memberships_contains_paid_content":false,"footnotes":"","jetpack_publicize_message":"","jetpack_publicize_feature_enabled":true,"jetpack_social_post_already_shared":true,"jetpack_social_options":{"image_generator_settings":{"template":"highway","default_image_id":0,"font":"","enabled":false},"version":2}},"categories":[131],"tags":[],"class_list":["post-3501","post","type-post","status-publish","format-standard","has-post-thumbnail","hentry","category-informacion"],"jetpack_publicize_connections":[],"jetpack_featured_media_url":"https:\/\/www.avlaflor.org\/wp-content\/uploads\/2020\/09\/LA-RETIENDA-scaled.jpg","jetpack_sharing_enabled":true,"_links":{"self":[{"href":"https:\/\/www.avlaflor.org\/index.php?rest_route=\/wp\/v2\/posts\/3501","targetHints":{"allow":["GET"]}}],"collection":[{"href":"https:\/\/www.avlaflor.org\/index.php?rest_route=\/wp\/v2\/posts"}],"about":[{"href":"https:\/\/www.avlaflor.org\/index.php?rest_route=\/wp\/v2\/types\/post"}],"author":[{"embeddable":true,"href":"https:\/\/www.avlaflor.org\/index.php?rest_route=\/wp\/v2\/users\/6"}],"replies":[{"embeddable":true,"href":"https:\/\/www.avlaflor.org\/index.php?rest_route=%2Fwp%2Fv2%2Fcomments&post=3501"}],"version-history":[{"count":2,"href":"https:\/\/www.avlaflor.org\/index.php?rest_route=\/wp\/v2\/posts\/3501\/revisions"}],"predecessor-version":[{"id":3503,"href":"https:\/\/www.avlaflor.org\/index.php?rest_route=\/wp\/v2\/posts\/3501\/revisions\/3503"}],"wp:featuredmedia":[{"embeddable":true,"href":"https:\/\/www.avlaflor.org\/index.php?rest_route=\/wp\/v2\/media\/3500"}],"wp:attachment":[{"href":"https:\/\/www.avlaflor.org\/index.php?rest_route=%2Fwp%2Fv2%2Fmedia&parent=3501"}],"wp:term":[{"taxonomy":"category","embeddable":true,"href":"https:\/\/www.avlaflor.org\/index.php?rest_route=%2Fwp%2Fv2%2Fcategories&post=3501"},{"taxonomy":"post_tag","embeddable":true,"href":"https:\/\/www.avlaflor.org\/index.php?rest_route=%2Fwp%2Fv2%2Ftags&post=3501"}],"curies":[{"name":"wp","href":"https:\/\/api.w.org\/{rel}","templated":true}]}}