{"id":3529,"date":"2020-10-10T09:51:50","date_gmt":"2020-10-10T07:51:50","guid":{"rendered":"http:\/\/www.avlaflor.org\/?p=3529"},"modified":"2020-10-10T09:56:35","modified_gmt":"2020-10-10T07:56:35","slug":"y-comienza-el-baile","status":"publish","type":"post","link":"https:\/\/www.avlaflor.org\/?p=3529","title":{"rendered":"Y&#8230; comienza el baile!"},"content":{"rendered":"\n<p class=\"has-medium-font-size\">El pr\u00f3ximo <strong>domingo 25 de octubre  las 12 de la ma\u00f1ana<\/strong> tendremos el primer taller de swing en el Centro Comunitario Guatemala. Adem\u00e1s de acudir con tu mascarilla bien puesta, es importante que traigas una pareja, pues no habr\u00e1 rotaci\u00f3n de parejas durante el taller.<\/p>\n\n\n\n<p class=\"has-medium-font-size\">Y hay que hacer inscripci\u00f3n previa por cuestiones de aforo, de modo que no lo pienses mucho y ap\u00fantate!<\/p>\n\n\n\n<figure class=\"wp-block-image size-large\"><img decoding=\"async\" data-attachment-id=\"3530\" data-permalink=\"https:\/\/www.avlaflor.org\/?attachment_id=3530\" data-orig-file=\"https:\/\/www.avlaflor.org\/wp-content\/uploads\/2020\/10\/TallerSwing-e1602955440595.jpg\" data-orig-size=\"1021,725\" data-comments-opened=\"0\" data-image-meta=\"{&quot;aperture&quot;:&quot;0&quot;,&quot;credit&quot;:&quot;&quot;,&quot;camera&quot;:&quot;&quot;,&quot;caption&quot;:&quot;&quot;,&quot;created_timestamp&quot;:&quot;0&quot;,&quot;copyright&quot;:&quot;&quot;,&quot;focal_length&quot;:&quot;0&quot;,&quot;iso&quot;:&quot;0&quot;,&quot;shutter_speed&quot;:&quot;0&quot;,&quot;title&quot;:&quot;&quot;,&quot;orientation&quot;:&quot;0&quot;}\" data-image-title=\"TallerSwing\" data-image-description=\"\" data-image-caption=\"\" data-large-file=\"https:\/\/www.avlaflor.org\/wp-content\/uploads\/2020\/10\/TallerSwing-e1602955440595.jpg\" src=\"https:\/\/www.avlaflor.org\/wp-content\/uploads\/2020\/10\/TallerSwing.jpg\" alt=\"\" class=\"wp-image-3530\"\/><\/figure>\n","protected":false},"excerpt":{"rendered":"<p>El pr\u00f3ximo domingo 25 de octubre las 12 de la ma\u00f1ana tendremos el primer taller de swing en el Centro &hellip; <a href=\"https:\/\/www.avlaflor.org\/?p=3529\" class=\"more-link\">M\u00e1s <span class=\"screen-reader-text\">Y&#8230; comienza el baile!<\/span> <span class=\"meta-nav\">&rarr;<\/span><\/a><\/p>\n","protected":false},"author":6,"featured_media":3530,"comment_status":"closed","ping_status":"open","sticky":false,"template":"","format":"standard","meta":{"jetpack_post_was_ever_published":false,"_jetpack_newsletter_access":"","_jetpack_dont_email_post_to_subs":false,"_jetpack_newsletter_tier_id":0,"_jetpack_memberships_contains_paywalled_content":false,"_jetpack_memberships_contains_paid_content":false,"footnotes":"","jetpack_publicize_message":"","jetpack_publicize_feature_enabled":true,"jetpack_social_post_already_shared":true,"jetpack_social_options":{"image_generator_settings":{"template":"highway","default_image_id":0,"font":"","enabled":false},"version":2}},"categories":[1],"tags":[],"class_list":["post-3529","post","type-post","status-publish","format-standard","has-post-thumbnail","hentry","category-noticias"],"jetpack_publicize_connections":[],"jetpack_featured_media_url":"https:\/\/www.avlaflor.org\/wp-content\/uploads\/2020\/10\/TallerSwing-e1602955440595.jpg","jetpack_sharing_enabled":true,"_links":{"self":[{"href":"https:\/\/www.avlaflor.org\/index.php?rest_route=\/wp\/v2\/posts\/3529","targetHints":{"allow":["GET"]}}],"collection":[{"href":"https:\/\/www.avlaflor.org\/index.php?rest_route=\/wp\/v2\/posts"}],"about":[{"href":"https:\/\/www.avlaflor.org\/index.php?rest_route=\/wp\/v2\/types\/post"}],"author":[{"embeddable":true,"href":"https:\/\/www.avlaflor.org\/index.php?rest_route=\/wp\/v2\/users\/6"}],"replies":[{"embeddable":true,"href":"https:\/\/www.avlaflor.org\/index.php?rest_route=%2Fwp%2Fv2%2Fcomments&post=3529"}],"version-history":[{"count":2,"href":"https:\/\/www.avlaflor.org\/index.php?rest_route=\/wp\/v2\/posts\/3529\/revisions"}],"predecessor-version":[{"id":3532,"href":"https:\/\/www.avlaflor.org\/index.php?rest_route=\/wp\/v2\/posts\/3529\/revisions\/3532"}],"wp:featuredmedia":[{"embeddable":true,"href":"https:\/\/www.avlaflor.org\/index.php?rest_route=\/wp\/v2\/media\/3530"}],"wp:attachment":[{"href":"https:\/\/www.avlaflor.org\/index.php?rest_route=%2Fwp%2Fv2%2Fmedia&parent=3529"}],"wp:term":[{"taxonomy":"category","embeddable":true,"href":"https:\/\/www.avlaflor.org\/index.php?rest_route=%2Fwp%2Fv2%2Fcategories&post=3529"},{"taxonomy":"post_tag","embeddable":true,"href":"https:\/\/www.avlaflor.org\/index.php?rest_route=%2Fwp%2Fv2%2Ftags&post=3529"}],"curies":[{"name":"wp","href":"https:\/\/api.w.org\/{rel}","templated":true}]}}