{"id":3690,"date":"2021-01-25T10:45:00","date_gmt":"2021-01-25T09:45:00","guid":{"rendered":"http:\/\/www.avlaflor.org\/?p=3690"},"modified":"2021-01-26T11:30:48","modified_gmt":"2021-01-26T10:30:48","slug":"la-ods-abre-nueva-despensa-solidaria","status":"publish","type":"post","link":"https:\/\/www.avlaflor.org\/?p=3690","title":{"rendered":"La ODS abre nueva despensa solidaria"},"content":{"rendered":"\n<p class=\"has-black-color has-text-color has-medium-font-size\">Desde la Red de Apoyo Mutuo Comunitario nacida el pasado mes de marzo ante la crisis sanitaria y social de la covid19, la Asociaci\u00f3n Vecinal La Flor hemos continuado ampliando y organizando las primeras estructuras creadas, habiendo concluido a finales del pasado a\u00f1o, con la creaci\u00f3n de la <strong>Oficina de Derechos Sociales y Apoyo Mutuo Comunitario<\/strong> en el distrito de Fuencarral El Pardo.<\/p>\n\n\n\n<p class=\"has-black-color has-text-color has-medium-font-size\">Desde aqu\u00ed, y dada la continuidad de las condiciones precarias de muchas vecinas y vecinos, hemos abierto de nuevo la Despensa Solidaria, aunque ser\u00e1 solo el <strong>\u00faltimo fin de semana de cada mes, comenzando ya en enero.<\/strong><\/p>\n\n\n\n<p class=\"has-black-color has-text-color has-medium-font-size\">Por ello nos dirigimos a las personas y entidades que realizasteis el pasado a\u00f1o alg\u00fan tipo de donaci\u00f3n, en especie y\/o dineraria, para animaros a continuar haci\u00e9ndolo, as\u00ed como para difundirlo entre vuestras redes.<\/p>\n\n\n\n<p class=\"has-black-color has-text-color has-medium-font-size\">Y si, adem\u00e1s, quieres colaborar con la ODS en alguna de las actividades que estamos realizando, no dudes en contactarnos, <strong>odsfep20@gmail.com<\/strong>.<\/p>\n","protected":false},"excerpt":{"rendered":"<p>Desde la Red de Apoyo Mutuo Comunitario nacida el pasado mes de marzo ante la crisis sanitaria y social de &hellip; <a href=\"https:\/\/www.avlaflor.org\/?p=3690\" class=\"more-link\">M\u00e1s <span class=\"screen-reader-text\">La ODS abre nueva despensa solidaria<\/span> <span class=\"meta-nav\">&rarr;<\/span><\/a><\/p>\n","protected":false},"author":6,"featured_media":3693,"comment_status":"closed","ping_status":"open","sticky":false,"template":"","format":"standard","meta":{"jetpack_post_was_ever_published":false,"_jetpack_newsletter_access":"","_jetpack_dont_email_post_to_subs":false,"_jetpack_newsletter_tier_id":0,"_jetpack_memberships_contains_paywalled_content":false,"_jetpack_memberships_contains_paid_content":false,"footnotes":"","jetpack_publicize_message":"","jetpack_publicize_feature_enabled":true,"jetpack_social_post_already_shared":true,"jetpack_social_options":{"image_generator_settings":{"template":"highway","default_image_id":0,"font":"","enabled":false},"version":2}},"categories":[131],"tags":[],"class_list":["post-3690","post","type-post","status-publish","format-standard","has-post-thumbnail","hentry","category-informacion"],"jetpack_publicize_connections":[],"jetpack_featured_media_url":"https:\/\/www.avlaflor.org\/wp-content\/uploads\/2021\/01\/cartelDespensa21-1.jpg","jetpack_sharing_enabled":true,"_links":{"self":[{"href":"https:\/\/www.avlaflor.org\/index.php?rest_route=\/wp\/v2\/posts\/3690","targetHints":{"allow":["GET"]}}],"collection":[{"href":"https:\/\/www.avlaflor.org\/index.php?rest_route=\/wp\/v2\/posts"}],"about":[{"href":"https:\/\/www.avlaflor.org\/index.php?rest_route=\/wp\/v2\/types\/post"}],"author":[{"embeddable":true,"href":"https:\/\/www.avlaflor.org\/index.php?rest_route=\/wp\/v2\/users\/6"}],"replies":[{"embeddable":true,"href":"https:\/\/www.avlaflor.org\/index.php?rest_route=%2Fwp%2Fv2%2Fcomments&post=3690"}],"version-history":[{"count":1,"href":"https:\/\/www.avlaflor.org\/index.php?rest_route=\/wp\/v2\/posts\/3690\/revisions"}],"predecessor-version":[{"id":3692,"href":"https:\/\/www.avlaflor.org\/index.php?rest_route=\/wp\/v2\/posts\/3690\/revisions\/3692"}],"wp:featuredmedia":[{"embeddable":true,"href":"https:\/\/www.avlaflor.org\/index.php?rest_route=\/wp\/v2\/media\/3693"}],"wp:attachment":[{"href":"https:\/\/www.avlaflor.org\/index.php?rest_route=%2Fwp%2Fv2%2Fmedia&parent=3690"}],"wp:term":[{"taxonomy":"category","embeddable":true,"href":"https:\/\/www.avlaflor.org\/index.php?rest_route=%2Fwp%2Fv2%2Fcategories&post=3690"},{"taxonomy":"post_tag","embeddable":true,"href":"https:\/\/www.avlaflor.org\/index.php?rest_route=%2Fwp%2Fv2%2Ftags&post=3690"}],"curies":[{"name":"wp","href":"https:\/\/api.w.org\/{rel}","templated":true}]}}