{"id":3748,"date":"2021-03-05T12:13:00","date_gmt":"2021-03-05T11:13:00","guid":{"rendered":"http:\/\/www.avlaflor.org\/?p=3748"},"modified":"2021-03-08T12:28:00","modified_gmt":"2021-03-08T11:28:00","slug":"ante-la-emergencia-social-el-feminismo-es-esencial-8m2021","status":"publish","type":"post","link":"https:\/\/www.avlaflor.org\/?p=3748","title":{"rendered":"Ante la emergencia social el feminismo es esencial 8M2021"},"content":{"rendered":"\n<p class=\"has-medium-font-size\">El lunes 8 de marzo inauguramos en la biblioteca del Centro Comunitario Guatemala, una exposici\u00f3n de fotos que lleva el t\u00edtulo <strong>ENFOCANDO LOS CUIDADOS<\/strong>. <\/p>\n\n\n\n<p class=\"has-medium-font-size\">Con ella, el <strong>Grupo de Feminismos del Foro Local,<\/strong> promotor de la iniciativa, quiere  visibilizar el trabajo invisible y precario que realizan miles y miles de mujeres. Trabajo invisible, precario e indispensable, sin el que este mundo no funcionar\u00eda.<\/p>\n\n\n\n<p class=\"has-medium-font-size\">La exposici\u00f3n se podr\u00e1 visitar del lunes 8 al viernes 12 en horario de 10 de la ma\u00f1ana a 20 h de la tarde. El fin de semana se trasladar\u00e1 al Centro Social Autogestionado Playa Gata donde estar\u00e1 hasta el viernes 19.<\/p>\n\n\n\n<p class=\"has-medium-font-size\">Como dice el <strong><a href=\"http:\/\/www.avlaflor.org\/wp-content\/uploads\/2021\/03\/Manifiesto8M.jpg\" target=\"_blank\" rel=\"noreferrer noopener\">manifiesto #8M2021<\/a><\/strong><\/p>\n\n\n\n<p class=\"has-medium-font-size\"><strong>\u00abNosotras cuidamos: en los espacios vecinales, en el movimiento antirracista, contra los desahucios, por la salud p\u00fablica y contra los centros de encierro, luchando por los derechos de todas, todas, todas.\u00bb<\/strong><\/p>\n","protected":false},"excerpt":{"rendered":"<p>El lunes 8 de marzo inauguramos en la biblioteca del Centro Comunitario Guatemala, una exposici\u00f3n de fotos que lleva el &hellip; <a href=\"https:\/\/www.avlaflor.org\/?p=3748\" class=\"more-link\">M\u00e1s <span class=\"screen-reader-text\">Ante la emergencia social el feminismo es esencial 8M2021<\/span> <span class=\"meta-nav\">&rarr;<\/span><\/a><\/p>\n","protected":false},"author":6,"featured_media":3749,"comment_status":"closed","ping_status":"open","sticky":false,"template":"","format":"standard","meta":{"jetpack_post_was_ever_published":false,"_jetpack_newsletter_access":"","_jetpack_dont_email_post_to_subs":false,"_jetpack_newsletter_tier_id":0,"_jetpack_memberships_contains_paywalled_content":false,"_jetpack_memberships_contains_paid_content":false,"footnotes":"","jetpack_publicize_message":"","jetpack_publicize_feature_enabled":true,"jetpack_social_post_already_shared":true,"jetpack_social_options":{"image_generator_settings":{"template":"highway","default_image_id":0,"font":"","enabled":false},"version":2}},"categories":[131],"tags":[],"class_list":["post-3748","post","type-post","status-publish","format-standard","has-post-thumbnail","hentry","category-informacion"],"jetpack_publicize_connections":[],"jetpack_featured_media_url":"https:\/\/www.avlaflor.org\/wp-content\/uploads\/2021\/03\/FotografiaCuidados.jpg","jetpack_sharing_enabled":true,"_links":{"self":[{"href":"https:\/\/www.avlaflor.org\/index.php?rest_route=\/wp\/v2\/posts\/3748","targetHints":{"allow":["GET"]}}],"collection":[{"href":"https:\/\/www.avlaflor.org\/index.php?rest_route=\/wp\/v2\/posts"}],"about":[{"href":"https:\/\/www.avlaflor.org\/index.php?rest_route=\/wp\/v2\/types\/post"}],"author":[{"embeddable":true,"href":"https:\/\/www.avlaflor.org\/index.php?rest_route=\/wp\/v2\/users\/6"}],"replies":[{"embeddable":true,"href":"https:\/\/www.avlaflor.org\/index.php?rest_route=%2Fwp%2Fv2%2Fcomments&post=3748"}],"version-history":[{"count":2,"href":"https:\/\/www.avlaflor.org\/index.php?rest_route=\/wp\/v2\/posts\/3748\/revisions"}],"predecessor-version":[{"id":3752,"href":"https:\/\/www.avlaflor.org\/index.php?rest_route=\/wp\/v2\/posts\/3748\/revisions\/3752"}],"wp:featuredmedia":[{"embeddable":true,"href":"https:\/\/www.avlaflor.org\/index.php?rest_route=\/wp\/v2\/media\/3749"}],"wp:attachment":[{"href":"https:\/\/www.avlaflor.org\/index.php?rest_route=%2Fwp%2Fv2%2Fmedia&parent=3748"}],"wp:term":[{"taxonomy":"category","embeddable":true,"href":"https:\/\/www.avlaflor.org\/index.php?rest_route=%2Fwp%2Fv2%2Fcategories&post=3748"},{"taxonomy":"post_tag","embeddable":true,"href":"https:\/\/www.avlaflor.org\/index.php?rest_route=%2Fwp%2Fv2%2Ftags&post=3748"}],"curies":[{"name":"wp","href":"https:\/\/api.w.org\/{rel}","templated":true}]}}