{"id":3759,"date":"2021-04-04T12:34:17","date_gmt":"2021-04-04T10:34:17","guid":{"rendered":"http:\/\/www.avlaflor.org\/?p=3759"},"modified":"2021-08-20T10:24:14","modified_gmt":"2021-08-20T08:24:14","slug":"la-perspectiva-feminista-en-los-objetivos-de-desarrollo-sostenible-2030-como-lo-hacemos-en-los-barrios","status":"publish","type":"post","link":"https:\/\/www.avlaflor.org\/?p=3759","title":{"rendered":"La perspectiva feminista en los objetivos de desarrollo sostenible 2030. C\u00f3mo lo hacemos en los barrios"},"content":{"rendered":"\n<p class=\"has-medium-font-size\">El pr\u00f3ximo jueves 8 de abril tendremos ocasi\u00f3n de hablar sobre los objetivos de desarrollo sostenible 2030, en el contexto del trabajo que las asociaciones vecinales y colectivos diversos venimos desarrollando en los barrios, desde una perspectiva feminista. <\/p>\n\n\n\n<p class=\"has-medium-font-size\">En este enlace podreis conectaros, <a href=\"https:\/\/youtu.be\/B40UluVSXXs\"><strong>https:\/\/youtu.be\/B40UluVSXXs<\/strong><\/a><\/p>\n\n\n\n<p class=\"has-medium-font-size\">Y si quer\u00e9is ir viendo alguna informaci\u00f3n complementaria, adem\u00e1s de remitiros a <strong><a rel=\"noreferrer noopener\" href=\"https:\/\/www.avlaflor.org\/?page_id=2823\" target=\"_blank\">nuestra p\u00e1gina<\/a><\/strong>, os dejamos aqu\u00ed  algunas cosas. <\/p>\n\n\n\n<p class=\"has-medium-font-size\">A principios de marzo, el gobierno public\u00f3 las <strong><a href=\"http:\/\/www.avlaflor.org\/wp-content\/uploads\/2021\/04\/Directrices-Estrategia-Gobierno-02.03.21.pdf\" target=\"_blank\" rel=\"noreferrer noopener\">Directrices Generales de la Estrategia de Desarrollo Sostenible 2030<\/a><\/strong>, en la que propone 8 retos de pa\u00eds sobre los que avanzar a lo largo de la d\u00e9cada, en el marco de la <strong><a href=\"http:\/\/www.avlaflor.org\/wp-content\/uploads\/2021\/04\/Hoja_de_Ruta_EDS_2030.pdf\" target=\"_blank\" rel=\"noreferrer noopener\">hoja de ruta<\/a><\/strong> marcada hasta julio de este a\u00f1o.<\/p>\n\n\n\n<p class=\"has-medium-font-size\">En septiembre pasado, el BOE publicaba la <strong><a href=\"https:\/\/www.boe.es\/boe\/dias\/2020\/09\/07\/pdfs\/BOE-A-2020-10270.pdf\" target=\"_blank\" rel=\"noreferrer noopener\">Orden DSA\/819\/2020<\/a><\/strong> que regula la composici\u00f3n y funcionamiento del Consejo de Desarrollo Sostenible. Entre sus componentes,  una representaci\u00f3n de la <strong><a href=\"https:\/\/www.ceavconfederacionvecinal.com\/\" target=\"_blank\" rel=\"noreferrer noopener\">Confederaci\u00f3n de Asociaciones Vecinales<\/a><\/strong> (CEAV), una representaci\u00f3n de la Plataforma <strong><a href=\"http:\/\/impactodegeneroya.blogspot.com\/\" target=\"_blank\" rel=\"noreferrer noopener\">Impacto de G\u00e9nero Ya<\/a><\/strong> y una representaci\u00f3n del espacio de encuentro <a href=\"https:\/\/futuroencomun.net\/\" target=\"_blank\" rel=\"noreferrer noopener\"><strong>Futuro en com\u00fan<\/strong>.<\/a><\/p>\n\n\n\n<p class=\"has-medium-font-size\">En junio de 2020 conocimos el diagn\u00f3stico de situaci\u00f3n que realiz\u00f3 el Instituto de la Mujer en relaci\u00f3n con el <strong><a href=\"http:\/\/www.avlaflor.org\/wp-content\/uploads\/2021\/04\/Informe_GeneroyCambioClimatico2020.pdf\" target=\"_blank\" rel=\"noreferrer noopener\">G\u00e9nero y Cambio Clim\u00e1tico<\/a><\/strong>. Conocer las diferencias de impacto del cambio clim\u00e1tico en mujeres y hombres  y viceversa, es el primer paso para dise\u00f1ar las respuestas necesarias en un contexto de desarrollo sostenible, que necesariamente ha de contemplar la reducci\u00f3n de la pobreza y la justicia social.<\/p>\n\n\n\n<p class=\"has-medium-font-size\"> En el 2018, ONU Mujeres public\u00f3 el informe <strong><a href=\"http:\/\/www.avlaflor.org\/wp-content\/uploads\/2021\/04\/Informe-Igualdad-Agenda2030-2018-es.pdf\" target=\"_blank\" rel=\"noreferrer noopener\">Hacer las promesas realidad: la igualdad de g\u00e9nero en la agenda 2030 para el desarrollo sostenible<\/a><\/strong>.  Un documento en el que, adem\u00e1s de realizar una lectura feminista de cada uno de los 17 objetivos, avanza l\u00edneas estrat\u00e9gicas para la acci\u00f3n.<\/p>\n\n\n\n<p><\/p>\n\n\n\n<p class=\"has-medium-font-size\"> <\/p>\n","protected":false},"excerpt":{"rendered":"<p>El pr\u00f3ximo jueves 8 de abril tendremos ocasi\u00f3n de hablar sobre los objetivos de desarrollo sostenible 2030, en el contexto &hellip; <a href=\"https:\/\/www.avlaflor.org\/?p=3759\" class=\"more-link\">M\u00e1s <span class=\"screen-reader-text\">La perspectiva feminista en los objetivos de desarrollo sostenible 2030. C\u00f3mo lo hacemos en los barrios<\/span> <span class=\"meta-nav\">&rarr;<\/span><\/a><\/p>\n","protected":false},"author":6,"featured_media":3767,"comment_status":"closed","ping_status":"open","sticky":false,"template":"","format":"standard","meta":{"jetpack_post_was_ever_published":false,"_jetpack_newsletter_access":"","_jetpack_dont_email_post_to_subs":false,"_jetpack_newsletter_tier_id":0,"_jetpack_memberships_contains_paywalled_content":false,"_jetpack_memberships_contains_paid_content":false,"footnotes":"","jetpack_publicize_message":"","jetpack_publicize_feature_enabled":true,"jetpack_social_post_already_shared":true,"jetpack_social_options":{"image_generator_settings":{"template":"highway","default_image_id":0,"font":"","enabled":false},"version":2}},"categories":[131],"tags":[],"class_list":["post-3759","post","type-post","status-publish","format-standard","has-post-thumbnail","hentry","category-informacion"],"jetpack_publicize_connections":[],"jetpack_featured_media_url":"https:\/\/www.avlaflor.org\/wp-content\/uploads\/2021\/04\/Cartel3DebateODS2030FeministasAbril21.jpg","jetpack_sharing_enabled":true,"_links":{"self":[{"href":"https:\/\/www.avlaflor.org\/index.php?rest_route=\/wp\/v2\/posts\/3759","targetHints":{"allow":["GET"]}}],"collection":[{"href":"https:\/\/www.avlaflor.org\/index.php?rest_route=\/wp\/v2\/posts"}],"about":[{"href":"https:\/\/www.avlaflor.org\/index.php?rest_route=\/wp\/v2\/types\/post"}],"author":[{"embeddable":true,"href":"https:\/\/www.avlaflor.org\/index.php?rest_route=\/wp\/v2\/users\/6"}],"replies":[{"embeddable":true,"href":"https:\/\/www.avlaflor.org\/index.php?rest_route=%2Fwp%2Fv2%2Fcomments&post=3759"}],"version-history":[{"count":2,"href":"https:\/\/www.avlaflor.org\/index.php?rest_route=\/wp\/v2\/posts\/3759\/revisions"}],"predecessor-version":[{"id":3768,"href":"https:\/\/www.avlaflor.org\/index.php?rest_route=\/wp\/v2\/posts\/3759\/revisions\/3768"}],"wp:featuredmedia":[{"embeddable":true,"href":"https:\/\/www.avlaflor.org\/index.php?rest_route=\/wp\/v2\/media\/3767"}],"wp:attachment":[{"href":"https:\/\/www.avlaflor.org\/index.php?rest_route=%2Fwp%2Fv2%2Fmedia&parent=3759"}],"wp:term":[{"taxonomy":"category","embeddable":true,"href":"https:\/\/www.avlaflor.org\/index.php?rest_route=%2Fwp%2Fv2%2Fcategories&post=3759"},{"taxonomy":"post_tag","embeddable":true,"href":"https:\/\/www.avlaflor.org\/index.php?rest_route=%2Fwp%2Fv2%2Ftags&post=3759"}],"curies":[{"name":"wp","href":"https:\/\/api.w.org\/{rel}","templated":true}]}}