{"id":3816,"date":"2021-07-05T19:00:00","date_gmt":"2021-07-05T17:00:00","guid":{"rendered":"http:\/\/www.avlaflor.org\/?p=3816"},"modified":"2021-08-22T19:05:02","modified_gmt":"2021-08-22T17:05:02","slug":"diez-anos-de-abandono-del-teatro-madrid","status":"publish","type":"post","link":"https:\/\/www.avlaflor.org\/?p=3816","title":{"rendered":"Diez a\u00f1os de abandono del Teatro Madrid"},"content":{"rendered":"\n<p><strong>Teatro Madrid: 10 a\u00f1os de abandono de un edificio que cost\u00f3 8 millones de euros a los contribuyentes<\/strong><\/p>\n\n\n\n<p><strong>&#8211; Hasta el momento, ning\u00fan Gobierno municipal ha rehabilitado el infrautilizado edificio, que se encuentra en el Barrio del Pilar, en una de las zonas m\u00e1s transitadas del distrito de Fuencarral- El Pardo.<\/strong><\/p>\n\n\n\n<p><strong>&#8211; Hace una d\u00e9cada el Ayuntamiento cerr\u00f3 sus puertas con el fin de hacer un estudio t\u00e9cnico y decidir las reformas necesarias para su continuidad, y desde entonces permanece cerrado.<\/strong><\/p>\n\n\n\n<p><strong>-La Asociaci\u00f3n Vecinal La Flor, que ha enviado varias propuestas para su aprovechamiento a lo largo de este tiempo, solicita al Consistorio que haga p\u00fablico sus planes para el espacio p\u00fablico.<\/strong><\/p>\n\n\n\n<p><strong>&#8211; En la actualidad no sabemos qu\u00e9 propuestas se est\u00e1n barajando, por lo que pedimos claridad y transparencia. Ya es hora de que el Ayuntamiento d\u00e9 un uso a un edificio que cada d\u00eda que pasa se deteriora m\u00e1s<\/strong><\/p>\n\n\n\n<p class=\"has-medium-font-size\">El Teatro Madrid abri\u00f3 sus puertas en el Barrio del Pilar a comienzos del a\u00f1o 1992 y, a poco de inaugurarse, ya se detect\u00f3 que <strong>carec\u00eda de accesibilidad y de las medidas de seguridad necesarias contra incendios<\/strong>. Aun as\u00ed, estuvo funcionando hasta que en 2011 el Consistorio decidi\u00f3 cerrarlo con el fin de hacer un estudio t\u00e9cnico y decidir los cambios necesarios para su continuidad.<\/p>\n\n\n\n<p class=\"has-medium-font-size\">Con el fin de corregir los citados fallos de dise\u00f1o y construcci\u00f3n, el Ayuntamiento destin\u00f3 600.000 euros para la reforma del inmueble en su presupuesto de 2012 pero transcurrido el a\u00f1o sin acometer obra alguna, el dinero volvi\u00f3 a las arcas generales del Consistorio y el Teatro Madrid sigui\u00f3 cerrado y sin reformas. Y lo mismo pas\u00f3 en los a\u00f1os siguientes, baraj\u00e1ndose incluso la posibilidad de cederlo a alguna empresa que quisiera invertir de alguna forma.<\/p>\n\n\n\n<p class=\"has-medium-font-size\">En 2013, la Asociaci\u00f3n Vecinal La Flor envi\u00f3 al Ayuntamiento una propuesta de actuaciones culturales para el programa Madrid Activa que inclu\u00eda su posici\u00f3n sobre la situaci\u00f3n del inmueble: \u201cNo es mucha la informaci\u00f3n que nos ha llegado, pero creemos que en sus inicios hubo bastantes irregularidades en su edificaci\u00f3n, que le han llevado al estado actual de cierre en apenas 20 a\u00f1os, cuando muchos de los grandes edificios culturales de la almendra central madrile\u00f1a cuentan con muchos m\u00e1s a\u00f1os y est\u00e1n en perfecto estado. Y no exageramos si decimos que <strong>muchas de las vecinas y vecinos residentes en el distrito nos consideramos enga\u00f1ados y enga\u00f1adas<\/strong>\u201d.<\/p>\n\n\n\n<p class=\"has-medium-font-size\">En 2016 el Ayuntamiento comenz\u00f3 a hablar de la reforma de la zona de oficinas, reconociendo que el deterioro del teatro supon\u00eda una inversi\u00f3n elevada. Han pasado cinco largos a\u00f1os y de esa reforma no sabemos nada a d\u00eda de hoy, pues ese espacio contin\u00faa cerrado a las vecinas y vecinos del barrio y del distrito. En los barrios perif\u00e9ricos (en este distrito vivimos m\u00e1s de 240.000 personas) tambi\u00e9n necesitamos equipamientos culturales, y el Teatro Madrid deber\u00eda servir para cubrir parte de esta demanda.<\/p>\n\n\n\n<p class=\"has-medium-font-size\"><strong>En la actualidad no sabemos qu\u00e9 propuestas se est\u00e1n barajando, por lo que pedimos claridad y transparencia, adem\u00e1s de escucha vecinal.<\/strong><\/p>\n\n\n\n<p class=\"has-medium-font-size\">La Asociaci\u00f3n Vecinal propone que el Teatro Madrid se convierta en un verdadero espacio cultural de ciudad, distrito y barrio, donde se engendre CULTURA (con may\u00fasculas), es decir, aquella que abarca distintas formas, expresiones y pr\u00e1cticas del conocimiento, costumbres, creencias, valores, comportamientos, modos de vida de nuestra sociedad, diferenci\u00e1ndola de la industria cultural que se desarrolla en las sociedades capitalistas modernas (se ofrecen bienes culturales en funci\u00f3n de la oferta y la demanda).&nbsp;<\/p>\n\n\n\n<p class=\"has-medium-font-size\">Para ello se tiene que dotar de vida al edificio, por ejemplo, disponiendo de elementos m\u00f3viles que permita sacar el teatro a la calle, que permita desarrollar las necesidades del barrio y del distrito: ensayos y actuaciones de grupos de teatro, danza, m\u00fasica, t\u00edteres, jams diversas (poes\u00eda, m\u00fasica tradicional, etc), fotograf\u00eda, grafitti (expresi\u00f3n a\u00fan con connotaciones negativas), artesan\u00eda\u2026<\/p>\n\n\n\n<p class=\"has-medium-font-size\">Un espacio que, al mismo tiempo, permita conocer las culturas con las que convivimos, recuperar la historia de nuestros barrios, visibilizar la educaci\u00f3n como parte de la cultura viva, no como algo encerrado en libros y paredes. En definitiva, espacios que nos faciliten reflexionar sobre los valores que dominan nuestras culturas y c\u00f3mo podemos cambiar aquello que queremos que cambie.<\/p>\n","protected":false},"excerpt":{"rendered":"<p>Teatro Madrid: 10 a\u00f1os de abandono de un edificio que cost\u00f3 8 millones de euros a los contribuyentes &#8211; Hasta &hellip; <a href=\"https:\/\/www.avlaflor.org\/?p=3816\" class=\"more-link\">M\u00e1s <span class=\"screen-reader-text\">Diez a\u00f1os de abandono del Teatro Madrid<\/span> <span class=\"meta-nav\">&rarr;<\/span><\/a><\/p>\n","protected":false},"author":6,"featured_media":3817,"comment_status":"closed","ping_status":"open","sticky":false,"template":"","format":"standard","meta":{"jetpack_post_was_ever_published":false,"_jetpack_newsletter_access":"","_jetpack_dont_email_post_to_subs":false,"_jetpack_newsletter_tier_id":0,"_jetpack_memberships_contains_paywalled_content":false,"_jetpack_memberships_contains_paid_content":false,"footnotes":"","jetpack_publicize_message":"","jetpack_publicize_feature_enabled":true,"jetpack_social_post_already_shared":true,"jetpack_social_options":{"image_generator_settings":{"template":"highway","default_image_id":0,"font":"","enabled":false},"version":2}},"categories":[1],"tags":[],"class_list":["post-3816","post","type-post","status-publish","format-standard","has-post-thumbnail","hentry","category-noticias"],"jetpack_publicize_connections":[],"jetpack_featured_media_url":"https:\/\/www.avlaflor.org\/wp-content\/uploads\/2021\/08\/1024px-Teatro_de_Madrid_Espana_01.jpg","jetpack_sharing_enabled":true,"_links":{"self":[{"href":"https:\/\/www.avlaflor.org\/index.php?rest_route=\/wp\/v2\/posts\/3816","targetHints":{"allow":["GET"]}}],"collection":[{"href":"https:\/\/www.avlaflor.org\/index.php?rest_route=\/wp\/v2\/posts"}],"about":[{"href":"https:\/\/www.avlaflor.org\/index.php?rest_route=\/wp\/v2\/types\/post"}],"author":[{"embeddable":true,"href":"https:\/\/www.avlaflor.org\/index.php?rest_route=\/wp\/v2\/users\/6"}],"replies":[{"embeddable":true,"href":"https:\/\/www.avlaflor.org\/index.php?rest_route=%2Fwp%2Fv2%2Fcomments&post=3816"}],"version-history":[{"count":1,"href":"https:\/\/www.avlaflor.org\/index.php?rest_route=\/wp\/v2\/posts\/3816\/revisions"}],"predecessor-version":[{"id":3818,"href":"https:\/\/www.avlaflor.org\/index.php?rest_route=\/wp\/v2\/posts\/3816\/revisions\/3818"}],"wp:featuredmedia":[{"embeddable":true,"href":"https:\/\/www.avlaflor.org\/index.php?rest_route=\/wp\/v2\/media\/3817"}],"wp:attachment":[{"href":"https:\/\/www.avlaflor.org\/index.php?rest_route=%2Fwp%2Fv2%2Fmedia&parent=3816"}],"wp:term":[{"taxonomy":"category","embeddable":true,"href":"https:\/\/www.avlaflor.org\/index.php?rest_route=%2Fwp%2Fv2%2Fcategories&post=3816"},{"taxonomy":"post_tag","embeddable":true,"href":"https:\/\/www.avlaflor.org\/index.php?rest_route=%2Fwp%2Fv2%2Ftags&post=3816"}],"curies":[{"name":"wp","href":"https:\/\/api.w.org\/{rel}","templated":true}]}}