{"id":4183,"date":"2023-08-05T12:13:00","date_gmt":"2023-08-05T10:13:00","guid":{"rendered":"https:\/\/www.avlaflor.org\/?p=4183"},"modified":"2023-08-05T12:13:00","modified_gmt":"2023-08-05T10:13:00","slug":"premio-derechos-humanos-de-naciones-unidas-2023","status":"publish","type":"post","link":"https:\/\/www.avlaflor.org\/?p=4183","title":{"rendered":"Premio Derechos Humanos de Naciones Unidas 2023"},"content":{"rendered":"\n<p class=\"has-medium-font-size\">La <strong>Coalici\u00f3n Mundial de la Sociedad Civil, Pueblos Ind\u00edgenas, Movimientos Sociales y Comunidades Locales por el Reconocimiento Universal del Derecho Humano a un Ambiente Limpio, Sano y Sostenible<\/strong>, de la que forma parte la FRAVM, la CEAV y Ecologistas en Acci\u00f3n, ha sido galardonada con el Premio de Derechos Humanos de las Naciones Unidas 2023<\/p>\n\n\n\n<p class=\"has-medium-font-size\">Este premio se concede cada cinco a\u00f1os, siendo esta la primera vez  que se da a una <strong><a rel=\"noreferrer noopener\" href=\"https:\/\/healthyenvironmentisaright.org\/coalicion-mundial-por-el-ambiente-sano-gana-premio-de-derechos-humanos-de-la-onu\/\" target=\"_blank\">coalici\u00f3n mundial<\/a><\/strong>. El premio se entregar\u00e1 en Nueva York el 10 de diciembre, coincidente con el<strong> 75 aniversario de la Declaraci\u00f3n Universal de los Derechos Humanos<\/strong>.<\/p>\n\n\n\n<p class=\"has-medium-font-size\">El premio reconoce la importancia de la colaboraci\u00f3n para avanzar en la protecci\u00f3n de un medio ambiente sano y de los espacios de participaci\u00f3n para todas las personas, en un marco de  justicia ambiental y  democracia.<\/p>\n\n\n\n<p class=\"has-medium-font-size\"><a href=\"https:\/\/aavvmadrid.org\/medio-ambiente\/la-onu-concede-su-premio-anual-de-derechos-humanos-a-una-coalicion-internacional-en-la-que-participa-la-fravm\/\" target=\"_blank\" rel=\"noreferrer noopener\">M\u00e1s informaci\u00f3n<\/a><\/p>\n","protected":false},"excerpt":{"rendered":"<p>La Coalici\u00f3n Mundial de la Sociedad Civil, Pueblos Ind\u00edgenas, Movimientos Sociales y Comunidades Locales por el Reconocimiento Universal del Derecho &hellip; <a href=\"https:\/\/www.avlaflor.org\/?p=4183\" class=\"more-link\">M\u00e1s <span class=\"screen-reader-text\">Premio Derechos Humanos de Naciones Unidas 2023<\/span> <span class=\"meta-nav\">&rarr;<\/span><\/a><\/p>\n","protected":false},"author":6,"featured_media":4182,"comment_status":"closed","ping_status":"open","sticky":false,"template":"","format":"standard","meta":{"jetpack_post_was_ever_published":false,"_jetpack_newsletter_access":"","_jetpack_dont_email_post_to_subs":false,"_jetpack_newsletter_tier_id":0,"_jetpack_memberships_contains_paywalled_content":false,"_jetpack_memberships_contains_paid_content":false,"footnotes":"","jetpack_publicize_message":"","jetpack_publicize_feature_enabled":true,"jetpack_social_post_already_shared":true,"jetpack_social_options":{"image_generator_settings":{"template":"highway","default_image_id":0,"font":"","enabled":false},"version":2}},"categories":[1],"tags":[],"class_list":["post-4183","post","type-post","status-publish","format-standard","has-post-thumbnail","hentry","category-noticias"],"jetpack_publicize_connections":[],"jetpack_featured_media_url":"https:\/\/www.avlaflor.org\/wp-content\/uploads\/2023\/08\/Premio-NNUU2023.jpg","jetpack_sharing_enabled":true,"_links":{"self":[{"href":"https:\/\/www.avlaflor.org\/index.php?rest_route=\/wp\/v2\/posts\/4183","targetHints":{"allow":["GET"]}}],"collection":[{"href":"https:\/\/www.avlaflor.org\/index.php?rest_route=\/wp\/v2\/posts"}],"about":[{"href":"https:\/\/www.avlaflor.org\/index.php?rest_route=\/wp\/v2\/types\/post"}],"author":[{"embeddable":true,"href":"https:\/\/www.avlaflor.org\/index.php?rest_route=\/wp\/v2\/users\/6"}],"replies":[{"embeddable":true,"href":"https:\/\/www.avlaflor.org\/index.php?rest_route=%2Fwp%2Fv2%2Fcomments&post=4183"}],"version-history":[{"count":1,"href":"https:\/\/www.avlaflor.org\/index.php?rest_route=\/wp\/v2\/posts\/4183\/revisions"}],"predecessor-version":[{"id":4184,"href":"https:\/\/www.avlaflor.org\/index.php?rest_route=\/wp\/v2\/posts\/4183\/revisions\/4184"}],"wp:featuredmedia":[{"embeddable":true,"href":"https:\/\/www.avlaflor.org\/index.php?rest_route=\/wp\/v2\/media\/4182"}],"wp:attachment":[{"href":"https:\/\/www.avlaflor.org\/index.php?rest_route=%2Fwp%2Fv2%2Fmedia&parent=4183"}],"wp:term":[{"taxonomy":"category","embeddable":true,"href":"https:\/\/www.avlaflor.org\/index.php?rest_route=%2Fwp%2Fv2%2Fcategories&post=4183"},{"taxonomy":"post_tag","embeddable":true,"href":"https:\/\/www.avlaflor.org\/index.php?rest_route=%2Fwp%2Fv2%2Ftags&post=4183"}],"curies":[{"name":"wp","href":"https:\/\/api.w.org\/{rel}","templated":true}]}}