{"id":4215,"date":"2023-08-01T18:42:00","date_gmt":"2023-08-01T16:42:00","guid":{"rendered":"https:\/\/www.avlaflor.org\/?p=4215"},"modified":"2023-10-15T19:22:48","modified_gmt":"2023-10-15T17:22:48","slug":"problemas-de-barrio-entrevista-con-el-concejal-del-distrito","status":"publish","type":"post","link":"https:\/\/www.avlaflor.org\/?p=4215","title":{"rendered":"Problemas de Barrio. Entrevista con el concejal del distrito"},"content":{"rendered":"\n<p class=\"has-medium-font-size\">Acabado el mes de julio, desde la radio comunitaria <strong>Onda Violeta<\/strong>, tuvimos ocasi\u00f3n de dialogar con el nuevo concejal del distrito, Jose Antonio Mart\u00ednez-P\u00e1ramo. Fue una entrevista realizada por el equipo de la radio, en colaboraci\u00f3n con la AV La Flor y la Plataforma No al Cant\u00f3n de San Enrique.<\/p>\n\n\n\n<p class=\"has-medium-font-size\">Desde la asociaci\u00f3n vecinal expusimos el problema que tenemos desde hace ya un par de a\u00f1os con la mala situaci\u00f3n de la piscina del polideportivo Vicente del Bosque, que cerr\u00f3 hace unos meses y a\u00fan no han comenzado las obras de rehabilitaci\u00f3n. Adem\u00e1s, se hablaba de una posible gesti\u00f3n privada\u2026<\/p>\n\n\n\n<p class=\"has-medium-font-size\">Hablamos, tambi\u00e9n, del problema de accesibilidad que tenemos en muchas zonas del distrito, especialmente en las calles m\u00e1s antiguas del barrio del Pilar o propuestas aprobadas para mejorar la accesibilidad que a\u00fan no se han puesto en marcha, como el ascensor de Herrera Oria o los ascensores de algunas bocas de metro del distrito que a\u00fan carecen del mismo.<\/p>\n\n\n\n<p class=\"has-medium-font-size\">Por su parte, la Plataforma No al Cant\u00f3n de San Enrique, expuso la demanda vecinal para situar el servicio previsto en otro espacio m\u00e1s alejado de las viviendas, partiendo de la informaci\u00f3n que sobre los cantones disponemos las vecinas y vecinos de los barrios. Proponiendo, adem\u00e1s, que en el lugar escogido se habilite un espacio ajardinado para el disfrute vecinal.<\/p>\n\n\n\n<p class=\"has-medium-font-size\">El concejal, como <a rel=\"noreferrer noopener\" href=\"https:\/\/ondavioleta.com\/?p=803\" target=\"_blank\"><strong>pod\u00e9is escuchar en el audio<\/strong><\/a>, explic\u00f3 su posici\u00f3n sobre las diferentes tem\u00e1ticas abordadas y se puso a disposici\u00f3n de las vecinas y vecinos de los barrios para informar y llegar a acuerdos, dentro de las posibilidades competenciales de que disponen las Juntas.<\/p>\n","protected":false},"excerpt":{"rendered":"<p>Acabado el mes de julio, desde la radio comunitaria Onda Violeta, tuvimos ocasi\u00f3n de dialogar con el nuevo concejal del &hellip; <a href=\"https:\/\/www.avlaflor.org\/?p=4215\" class=\"more-link\">M\u00e1s <span class=\"screen-reader-text\">Problemas de Barrio. Entrevista con el concejal del distrito<\/span> <span class=\"meta-nav\">&rarr;<\/span><\/a><\/p>\n","protected":false},"author":6,"featured_media":4217,"comment_status":"closed","ping_status":"open","sticky":false,"template":"","format":"standard","meta":{"jetpack_post_was_ever_published":false,"_jetpack_newsletter_access":"","_jetpack_dont_email_post_to_subs":false,"_jetpack_newsletter_tier_id":0,"_jetpack_memberships_contains_paywalled_content":false,"_jetpack_memberships_contains_paid_content":false,"footnotes":"","jetpack_publicize_message":"","jetpack_publicize_feature_enabled":true,"jetpack_social_post_already_shared":true,"jetpack_social_options":{"image_generator_settings":{"template":"highway","default_image_id":0,"font":"","enabled":false},"version":2}},"categories":[131],"tags":[],"class_list":["post-4215","post","type-post","status-publish","format-standard","has-post-thumbnail","hentry","category-informacion"],"jetpack_publicize_connections":[],"jetpack_featured_media_url":"https:\/\/www.avlaflor.org\/wp-content\/uploads\/2023\/10\/entrevistaConcejal.jpeg","jetpack_sharing_enabled":true,"_links":{"self":[{"href":"https:\/\/www.avlaflor.org\/index.php?rest_route=\/wp\/v2\/posts\/4215","targetHints":{"allow":["GET"]}}],"collection":[{"href":"https:\/\/www.avlaflor.org\/index.php?rest_route=\/wp\/v2\/posts"}],"about":[{"href":"https:\/\/www.avlaflor.org\/index.php?rest_route=\/wp\/v2\/types\/post"}],"author":[{"embeddable":true,"href":"https:\/\/www.avlaflor.org\/index.php?rest_route=\/wp\/v2\/users\/6"}],"replies":[{"embeddable":true,"href":"https:\/\/www.avlaflor.org\/index.php?rest_route=%2Fwp%2Fv2%2Fcomments&post=4215"}],"version-history":[{"count":1,"href":"https:\/\/www.avlaflor.org\/index.php?rest_route=\/wp\/v2\/posts\/4215\/revisions"}],"predecessor-version":[{"id":4223,"href":"https:\/\/www.avlaflor.org\/index.php?rest_route=\/wp\/v2\/posts\/4215\/revisions\/4223"}],"wp:featuredmedia":[{"embeddable":true,"href":"https:\/\/www.avlaflor.org\/index.php?rest_route=\/wp\/v2\/media\/4217"}],"wp:attachment":[{"href":"https:\/\/www.avlaflor.org\/index.php?rest_route=%2Fwp%2Fv2%2Fmedia&parent=4215"}],"wp:term":[{"taxonomy":"category","embeddable":true,"href":"https:\/\/www.avlaflor.org\/index.php?rest_route=%2Fwp%2Fv2%2Fcategories&post=4215"},{"taxonomy":"post_tag","embeddable":true,"href":"https:\/\/www.avlaflor.org\/index.php?rest_route=%2Fwp%2Fv2%2Ftags&post=4215"}],"curies":[{"name":"wp","href":"https:\/\/api.w.org\/{rel}","templated":true}]}}