{"id":4225,"date":"2023-09-15T18:58:00","date_gmt":"2023-09-15T16:58:00","guid":{"rendered":"https:\/\/www.avlaflor.org\/?p=4225"},"modified":"2023-10-15T19:21:41","modified_gmt":"2023-10-15T17:21:41","slug":"la-comision-de-feminismos-de-la-fravm-se-suma-a-la-plataforma-impacto-de-genero-ya","status":"publish","type":"post","link":"https:\/\/www.avlaflor.org\/?p=4225","title":{"rendered":"La Comisi\u00f3n de Feminismos de la FRAVM se suma a la Plataforma Impacto de G\u00e9nero Ya"},"content":{"rendered":"\n<p class=\"has-medium-font-size\">La Comisi\u00f3n de Feminismos de la FRAVM, en la que participamos la Asociaci\u00f3n Vecinal La Flor, pasar\u00e1 a formar parte de la <a href=\"https:\/\/impactodegeneroya.org\/\" target=\"_blank\" rel=\"noreferrer noopener\"><strong>Plataforma Impacto de G\u00e9nero Ya<\/strong><\/a>, seg\u00fan acuerdo de la Junta Directiva de la FRAM, a propuesta de la Comisi\u00f3n.<\/p>\n\n\n\n<p class=\"has-medium-font-size\">Esta plataforma es un espacio de incidencia pol\u00edtica desde la perspectiva feminista, y desde el a\u00f1o de su creaci\u00f3n, en el 2008, viene realizando informes de impacto de g\u00e9nero de las pol\u00edticas p\u00fablicas, elaborando un manifiesto anual sobre el presupuesto general del estado y el presupuesto de algunas Comunidades Aut\u00f3nomas y Ayuntamientos, como el de Madrid.<\/p>\n\n\n\n<p class=\"has-medium-font-size\">Este paso viene a reforzar los objetivos que las Mujeres Vecinales de la CEAV (Confederaci\u00f3n Estatal de Asociaciones Vecinales ) vienen desarrollando en los \u00faltimos meses, con su presencia activa en espacios de confluencia e incidencia pol\u00edtica como el Consejo De Desarrollo Sostenible, en el que tambi\u00e9n participa la Plataforma Impacto de G\u00e9nero Ya. <\/p>\n\n\n\n<p class=\"has-medium-font-size\"> <\/p>\n","protected":false},"excerpt":{"rendered":"<p>La Comisi\u00f3n de Feminismos de la FRAVM, en la que participamos la Asociaci\u00f3n Vecinal La Flor, pasar\u00e1 a formar parte &hellip; <a href=\"https:\/\/www.avlaflor.org\/?p=4225\" class=\"more-link\">M\u00e1s <span class=\"screen-reader-text\">La Comisi\u00f3n de Feminismos de la FRAVM se suma a la Plataforma Impacto de G\u00e9nero Ya<\/span> <span class=\"meta-nav\">&rarr;<\/span><\/a><\/p>\n","protected":false},"author":6,"featured_media":4226,"comment_status":"closed","ping_status":"open","sticky":false,"template":"","format":"standard","meta":{"jetpack_post_was_ever_published":false,"_jetpack_newsletter_access":"","_jetpack_dont_email_post_to_subs":false,"_jetpack_newsletter_tier_id":0,"_jetpack_memberships_contains_paywalled_content":false,"_jetpack_memberships_contains_paid_content":false,"footnotes":"","jetpack_publicize_message":"","jetpack_publicize_feature_enabled":true,"jetpack_social_post_already_shared":true,"jetpack_social_options":{"image_generator_settings":{"template":"highway","default_image_id":0,"font":"","enabled":false},"version":2}},"categories":[131],"tags":[],"class_list":["post-4225","post","type-post","status-publish","format-standard","has-post-thumbnail","hentry","category-informacion"],"jetpack_publicize_connections":[],"jetpack_featured_media_url":"https:\/\/www.avlaflor.org\/wp-content\/uploads\/2023\/10\/mujeresVecinales2.jpg","jetpack_sharing_enabled":true,"_links":{"self":[{"href":"https:\/\/www.avlaflor.org\/index.php?rest_route=\/wp\/v2\/posts\/4225","targetHints":{"allow":["GET"]}}],"collection":[{"href":"https:\/\/www.avlaflor.org\/index.php?rest_route=\/wp\/v2\/posts"}],"about":[{"href":"https:\/\/www.avlaflor.org\/index.php?rest_route=\/wp\/v2\/types\/post"}],"author":[{"embeddable":true,"href":"https:\/\/www.avlaflor.org\/index.php?rest_route=\/wp\/v2\/users\/6"}],"replies":[{"embeddable":true,"href":"https:\/\/www.avlaflor.org\/index.php?rest_route=%2Fwp%2Fv2%2Fcomments&post=4225"}],"version-history":[{"count":1,"href":"https:\/\/www.avlaflor.org\/index.php?rest_route=\/wp\/v2\/posts\/4225\/revisions"}],"predecessor-version":[{"id":4228,"href":"https:\/\/www.avlaflor.org\/index.php?rest_route=\/wp\/v2\/posts\/4225\/revisions\/4228"}],"wp:featuredmedia":[{"embeddable":true,"href":"https:\/\/www.avlaflor.org\/index.php?rest_route=\/wp\/v2\/media\/4226"}],"wp:attachment":[{"href":"https:\/\/www.avlaflor.org\/index.php?rest_route=%2Fwp%2Fv2%2Fmedia&parent=4225"}],"wp:term":[{"taxonomy":"category","embeddable":true,"href":"https:\/\/www.avlaflor.org\/index.php?rest_route=%2Fwp%2Fv2%2Fcategories&post=4225"},{"taxonomy":"post_tag","embeddable":true,"href":"https:\/\/www.avlaflor.org\/index.php?rest_route=%2Fwp%2Fv2%2Ftags&post=4225"}],"curies":[{"name":"wp","href":"https:\/\/api.w.org\/{rel}","templated":true}]}}