{"id":4366,"date":"2024-11-27T12:25:57","date_gmt":"2024-11-27T11:25:57","guid":{"rendered":"https:\/\/www.avlaflor.org\/?p=4366"},"modified":"2025-01-06T13:37:24","modified_gmt":"2025-01-06T12:37:24","slug":"la-vivienda-es-un-derecho-no-un-negocio","status":"publish","type":"post","link":"https:\/\/www.avlaflor.org\/?p=4366","title":{"rendered":"La vivienda es un derecho, no un negocio"},"content":{"rendered":"\n<p class=\"has-medium-font-size\">Ante el final de la mayor parte de las medidas incluidas en el Real Decreto-ley 8\/2023, de 27 de diciembre, que se pusieron en marcha para afrontar las consecuencias econ\u00f3micas y sociales derivadas de los conflictos en Ucrania y Oriente Pr\u00f3ximo y los efectos de la sequ\u00eda, organizaciones y colectivos que impulsaron la manifestaci\u00f3n por el derecho a la vivienda del 13 de octubre en Madrid han solicitado esta ma\u00f1ana a los grupos parlamentarios no solo que sean prorrogadas sino tambi\u00e9n su ampliaci\u00f3n.<\/p>\n\n\n\n<p class=\"has-medium-font-size\"><a href=\"https:\/\/aavvmadrid.org\/noticias\/organizaciones-de-la-manifestacion-del-13-de-octubre-piden-a-los-grupos-parlamentarios-la-prorroga-y-ampliacion-del-escudo-social\/\" target=\"_blank\" rel=\"noreferrer noopener\">Lee la noticia aqu\u00ed<\/a><\/p>\n\n\n\n<p><\/p>\n","protected":false},"excerpt":{"rendered":"<p>Ante el final de la mayor parte de las medidas incluidas en el Real Decreto-ley 8\/2023, de 27 de diciembre, &hellip; <a href=\"https:\/\/www.avlaflor.org\/?p=4366\" class=\"more-link\">M\u00e1s <span class=\"screen-reader-text\">La vivienda es un derecho, no un negocio<\/span> <span class=\"meta-nav\">&rarr;<\/span><\/a><\/p>\n","protected":false},"author":6,"featured_media":4395,"comment_status":"closed","ping_status":"open","sticky":false,"template":"","format":"standard","meta":{"jetpack_post_was_ever_published":false,"_jetpack_newsletter_access":"","_jetpack_dont_email_post_to_subs":false,"_jetpack_newsletter_tier_id":0,"_jetpack_memberships_contains_paywalled_content":false,"_jetpack_memberships_contains_paid_content":false,"footnotes":"","jetpack_publicize_message":"","jetpack_publicize_feature_enabled":true,"jetpack_social_post_already_shared":true,"jetpack_social_options":{"image_generator_settings":{"template":"highway","default_image_id":0,"font":"","enabled":false},"version":2}},"categories":[1],"tags":[],"class_list":["post-4366","post","type-post","status-publish","format-standard","has-post-thumbnail","hentry","category-noticias"],"jetpack_publicize_connections":[],"jetpack_featured_media_url":"https:\/\/www.avlaflor.org\/wp-content\/uploads\/2024\/11\/Cabecera-manifestacion-13O-Vivienda-por-derecho-scaled-e1730119736892-1280x640-1.jpg","jetpack_sharing_enabled":true,"_links":{"self":[{"href":"https:\/\/www.avlaflor.org\/index.php?rest_route=\/wp\/v2\/posts\/4366","targetHints":{"allow":["GET"]}}],"collection":[{"href":"https:\/\/www.avlaflor.org\/index.php?rest_route=\/wp\/v2\/posts"}],"about":[{"href":"https:\/\/www.avlaflor.org\/index.php?rest_route=\/wp\/v2\/types\/post"}],"author":[{"embeddable":true,"href":"https:\/\/www.avlaflor.org\/index.php?rest_route=\/wp\/v2\/users\/6"}],"replies":[{"embeddable":true,"href":"https:\/\/www.avlaflor.org\/index.php?rest_route=%2Fwp%2Fv2%2Fcomments&post=4366"}],"version-history":[{"count":3,"href":"https:\/\/www.avlaflor.org\/index.php?rest_route=\/wp\/v2\/posts\/4366\/revisions"}],"predecessor-version":[{"id":4389,"href":"https:\/\/www.avlaflor.org\/index.php?rest_route=\/wp\/v2\/posts\/4366\/revisions\/4389"}],"wp:featuredmedia":[{"embeddable":true,"href":"https:\/\/www.avlaflor.org\/index.php?rest_route=\/wp\/v2\/media\/4395"}],"wp:attachment":[{"href":"https:\/\/www.avlaflor.org\/index.php?rest_route=%2Fwp%2Fv2%2Fmedia&parent=4366"}],"wp:term":[{"taxonomy":"category","embeddable":true,"href":"https:\/\/www.avlaflor.org\/index.php?rest_route=%2Fwp%2Fv2%2Fcategories&post=4366"},{"taxonomy":"post_tag","embeddable":true,"href":"https:\/\/www.avlaflor.org\/index.php?rest_route=%2Fwp%2Fv2%2Ftags&post=4366"}],"curies":[{"name":"wp","href":"https:\/\/api.w.org\/{rel}","templated":true}]}}