{"id":4390,"date":"2025-01-06T13:23:10","date_gmt":"2025-01-06T12:23:10","guid":{"rendered":"https:\/\/www.avlaflor.org\/?p=4390"},"modified":"2025-01-06T13:23:10","modified_gmt":"2025-01-06T12:23:10","slug":"enciende-la-transformacion-de-tu-barrio","status":"publish","type":"post","link":"https:\/\/www.avlaflor.org\/?p=4390","title":{"rendered":"Enciende la transformaci\u00f3n de tu barrio"},"content":{"rendered":"\n<p class=\"has-medium-font-size\">Es el titulo del <strong>Curso de Activismo Energ\u00e9tico<\/strong> que lanza la FRAVM en su segunda edici\u00f3n para este a\u00f1o, y que tiene como objetivo que las personas participantes aprendan sobre cultura y transici\u00f3n energ\u00e9tica, buenas pr\u00e1cticas de autoconsumo colectivo y rehabilitaci\u00f3n energ\u00e9tica, y claves de comunicaci\u00f3n, interacci\u00f3n y dinamizaci\u00f3n vecinal, a partir de una metodolog\u00eda eminentemente pr\u00e1ctica y de visitas inspiradoras.<\/p>\n\n\n\n<p class=\"has-medium-font-size\"><strong><a href=\"https:\/\/aavvmadrid.org\/medio-ambiente\/energia\/vuelve-el-curso-de-activismo-energetico-enciende-la-transformacion-de-tu-barrio\/\" target=\"_blank\" rel=\"noreferrer noopener\">M\u00e1s informaci\u00f3n<\/a><\/strong><\/p>\n\n\n\n<p><\/p>\n","protected":false},"excerpt":{"rendered":"<p>Es el titulo del Curso de Activismo Energ\u00e9tico que lanza la FRAVM en su segunda edici\u00f3n para este a\u00f1o, y &hellip; <a href=\"https:\/\/www.avlaflor.org\/?p=4390\" class=\"more-link\">M\u00e1s <span class=\"screen-reader-text\">Enciende la transformaci\u00f3n de tu barrio<\/span> <span class=\"meta-nav\">&rarr;<\/span><\/a><\/p>\n","protected":false},"author":6,"featured_media":4391,"comment_status":"closed","ping_status":"open","sticky":false,"template":"","format":"standard","meta":{"jetpack_post_was_ever_published":false,"_jetpack_newsletter_access":"","_jetpack_dont_email_post_to_subs":false,"_jetpack_newsletter_tier_id":0,"_jetpack_memberships_contains_paywalled_content":false,"_jetpack_memberships_contains_paid_content":false,"footnotes":"","jetpack_publicize_message":"","jetpack_publicize_feature_enabled":true,"jetpack_social_post_already_shared":true,"jetpack_social_options":{"image_generator_settings":{"template":"highway","default_image_id":0,"font":"","enabled":false},"version":2}},"categories":[1],"tags":[],"class_list":["post-4390","post","type-post","status-publish","format-standard","has-post-thumbnail","hentry","category-noticias"],"jetpack_publicize_connections":[],"jetpack_featured_media_url":"https:\/\/www.avlaflor.org\/wp-content\/uploads\/2025\/01\/cursoactivismook.png","jetpack_sharing_enabled":true,"_links":{"self":[{"href":"https:\/\/www.avlaflor.org\/index.php?rest_route=\/wp\/v2\/posts\/4390","targetHints":{"allow":["GET"]}}],"collection":[{"href":"https:\/\/www.avlaflor.org\/index.php?rest_route=\/wp\/v2\/posts"}],"about":[{"href":"https:\/\/www.avlaflor.org\/index.php?rest_route=\/wp\/v2\/types\/post"}],"author":[{"embeddable":true,"href":"https:\/\/www.avlaflor.org\/index.php?rest_route=\/wp\/v2\/users\/6"}],"replies":[{"embeddable":true,"href":"https:\/\/www.avlaflor.org\/index.php?rest_route=%2Fwp%2Fv2%2Fcomments&post=4390"}],"version-history":[{"count":1,"href":"https:\/\/www.avlaflor.org\/index.php?rest_route=\/wp\/v2\/posts\/4390\/revisions"}],"predecessor-version":[{"id":4392,"href":"https:\/\/www.avlaflor.org\/index.php?rest_route=\/wp\/v2\/posts\/4390\/revisions\/4392"}],"wp:featuredmedia":[{"embeddable":true,"href":"https:\/\/www.avlaflor.org\/index.php?rest_route=\/wp\/v2\/media\/4391"}],"wp:attachment":[{"href":"https:\/\/www.avlaflor.org\/index.php?rest_route=%2Fwp%2Fv2%2Fmedia&parent=4390"}],"wp:term":[{"taxonomy":"category","embeddable":true,"href":"https:\/\/www.avlaflor.org\/index.php?rest_route=%2Fwp%2Fv2%2Fcategories&post=4390"},{"taxonomy":"post_tag","embeddable":true,"href":"https:\/\/www.avlaflor.org\/index.php?rest_route=%2Fwp%2Fv2%2Ftags&post=4390"}],"curies":[{"name":"wp","href":"https:\/\/api.w.org\/{rel}","templated":true}]}}