{"id":780,"date":"2013-01-19T17:47:27","date_gmt":"2013-01-19T16:47:27","guid":{"rendered":"http:\/\/www.avlaflor.org\/?p=780"},"modified":"2013-01-19T17:47:58","modified_gmt":"2013-01-19T16:47:58","slug":"el-ampa-del-colegio-publico-vasco-nunez-de-balboa-contra-ale-cierre-del-centro","status":"publish","type":"post","link":"https:\/\/www.avlaflor.org\/?p=780","title":{"rendered":"El AMPA del Colegio P\u00fablico Vasco N\u00fa\u00f1ez de Balboa contra el cierre del centro"},"content":{"rendered":"<p>El pr\u00f3ximo\u00a0<strong>mi\u00e9rcoles 23 de enero a las 4 de la tarde<\/strong>, la asociaci\u00f3n de \u00a0madres y padres del alumnado del\u00a0Colegio\u00a0P\u00fablico Vasco N\u00fa\u00f1ez de Balboa nos invita a la ciudadan\u00eda \u00a0del distrito de Fuencarral El Pardo, a manifestar nuestra repulsa por la decisi\u00f3n de la Consejer\u00eda de Educaci\u00f3n de cerrar el centro escolar para el siguiente curso.<\/p>\n<p>La manifestaci\u00f3n saldr\u00e1 de la puerta del colegio, en la Avenida de Nuestra Se\u00f1ora de Valverde 149, \u00a0y transcurrir\u00e1 hasta el Mirador del Parque, donde se proceder\u00e1 a informar de la situaci\u00f3n y se leer\u00e1 la carta enviada a la Direcci\u00f3n del \u00c1rea Territorial.<\/p>\n","protected":false},"excerpt":{"rendered":"<p>El pr\u00f3ximo\u00a0mi\u00e9rcoles 23 de enero a las 4 de la tarde, la asociaci\u00f3n de \u00a0madres y padres del alumnado del\u00a0Colegio\u00a0P\u00fablico &hellip; <a href=\"https:\/\/www.avlaflor.org\/?p=780\" class=\"more-link\">M\u00e1s <span class=\"screen-reader-text\">El AMPA del Colegio P\u00fablico Vasco N\u00fa\u00f1ez de Balboa contra el cierre del centro<\/span> <span class=\"meta-nav\">&rarr;<\/span><\/a><\/p>\n","protected":false},"author":2,"featured_media":781,"comment_status":"open","ping_status":"open","sticky":false,"template":"","format":"standard","meta":{"jetpack_post_was_ever_published":false,"_jetpack_newsletter_access":"","_jetpack_dont_email_post_to_subs":false,"_jetpack_newsletter_tier_id":0,"_jetpack_memberships_contains_paywalled_content":false,"_jetpack_memberships_contains_paid_content":false,"footnotes":"","jetpack_publicize_message":"","jetpack_publicize_feature_enabled":true,"jetpack_social_post_already_shared":false,"jetpack_social_options":{"image_generator_settings":{"template":"highway","default_image_id":0,"font":"","enabled":false},"version":2}},"categories":[],"tags":[37],"class_list":["post-780","post","type-post","status-publish","format-standard","has-post-thumbnail","hentry","tag-educacion"],"jetpack_publicize_connections":[],"jetpack_featured_media_url":"https:\/\/www.avlaflor.org\/wp-content\/uploads\/2013\/01\/vasco.jpg","jetpack_sharing_enabled":true,"_links":{"self":[{"href":"https:\/\/www.avlaflor.org\/index.php?rest_route=\/wp\/v2\/posts\/780","targetHints":{"allow":["GET"]}}],"collection":[{"href":"https:\/\/www.avlaflor.org\/index.php?rest_route=\/wp\/v2\/posts"}],"about":[{"href":"https:\/\/www.avlaflor.org\/index.php?rest_route=\/wp\/v2\/types\/post"}],"author":[{"embeddable":true,"href":"https:\/\/www.avlaflor.org\/index.php?rest_route=\/wp\/v2\/users\/2"}],"replies":[{"embeddable":true,"href":"https:\/\/www.avlaflor.org\/index.php?rest_route=%2Fwp%2Fv2%2Fcomments&post=780"}],"version-history":[{"count":3,"href":"https:\/\/www.avlaflor.org\/index.php?rest_route=\/wp\/v2\/posts\/780\/revisions"}],"predecessor-version":[{"id":785,"href":"https:\/\/www.avlaflor.org\/index.php?rest_route=\/wp\/v2\/posts\/780\/revisions\/785"}],"wp:featuredmedia":[{"embeddable":true,"href":"https:\/\/www.avlaflor.org\/index.php?rest_route=\/wp\/v2\/media\/781"}],"wp:attachment":[{"href":"https:\/\/www.avlaflor.org\/index.php?rest_route=%2Fwp%2Fv2%2Fmedia&parent=780"}],"wp:term":[{"taxonomy":"category","embeddable":true,"href":"https:\/\/www.avlaflor.org\/index.php?rest_route=%2Fwp%2Fv2%2Fcategories&post=780"},{"taxonomy":"post_tag","embeddable":true,"href":"https:\/\/www.avlaflor.org\/index.php?rest_route=%2Fwp%2Fv2%2Ftags&post=780"}],"curies":[{"name":"wp","href":"https:\/\/api.w.org\/{rel}","templated":true}]}}